[{"@context":"https:\/\/schema.org\/","@type":"Article","@id":"https:\/\/www.tartarus.cz\/vyberte-darky-pro-sve-blizke\/#Article","mainEntityOfPage":"https:\/\/www.tartarus.cz\/vyberte-darky-pro-sve-blizke\/","headline":"Vyberte d\u00e1rky pro sv\u00e9 bl\u00edzk\u00e9","name":"Vyberte d\u00e1rky pro sv\u00e9 bl\u00edzk\u00e9","description":"Pokud nev\u00edte, co darovat, vsa\u010fte na \u010daj Bylinn\u00fd nen\u00ed vyroben z l\u00edstk\u016f ovn\u00edku, ale je p\u0159ipraven ze sm\u011bsi nejr\u016fzn\u011bj\u0161\u00edch mo\u017en\u00fdch bylin. Lze p\u0159ipravit z r\u016fzn\u00fdch rostlin, podle toho se li\u0161\u00ed i jeho \u00fa\u010dinky. \u00da\u010dinky b\u00fdvaj\u00ed povzbudiv\u00e9 a l\u00e9\u010debn\u00e9. Je ho velk\u00e9 mno\u017estv\u00ed druh\u016f. Najdete u n\u00e1s i konvice a s\u00edtka Ovocn\u00fd je p\u0159ipravov\u00e1n ze sm\u011bsi [&hellip;]","datePublished":"2024-12-25","dateModified":"2024-12-25","author":{"@type":"Person","@id":"https:\/\/www.tartarus.cz\/author\/#Person","name":"","url":"https:\/\/www.tartarus.cz\/author\/","identifier":1,"image":{"@type":"ImageObject","@id":"https:\/\/secure.gravatar.com\/avatar\/bf8a2da9791e94b6eb5cec245ee5eeceecb651e79e829278e2c546441579397e?s=96&d=mm&r=g","url":"https:\/\/secure.gravatar.com\/avatar\/bf8a2da9791e94b6eb5cec245ee5eeceecb651e79e829278e2c546441579397e?s=96&d=mm&r=g","height":96,"width":96}},"publisher":{"@type":"Organization","name":"tartarus.cz","logo":{"@type":"ImageObject","@id":"\/logo.png","url":"\/logo.png","width":600,"height":60}},"url":"https:\/\/www.tartarus.cz\/vyberte-darky-pro-sve-blizke\/","wordCount":196,"articleBody":" Pokud nev\u00edte, co darovat, vsa\u010fte na \u010daj  Bylinn\u00fd nen\u00ed vyroben z l\u00edstk\u016f ovn\u00edku, ale je p\u0159ipraven ze sm\u011bsi nejr\u016fzn\u011bj\u0161\u00edch mo\u017en\u00fdch bylin. Lze p\u0159ipravit z r\u016fzn\u00fdch rostlin, podle toho se li\u0161\u00ed i jeho \u00fa\u010dinky. \u00da\u010dinky b\u00fdvaj\u00ed povzbudiv\u00e9 a l\u00e9\u010debn\u00e9. Je ho velk\u00e9 mno\u017estv\u00ed druh\u016f. Najdete u n\u00e1s i konvice a s\u00edtka Ovocn\u00fd je p\u0159ipravov\u00e1n ze sm\u011bsi su\u0161en\u00e9ho ovoce, kv\u011bt\u016f ibi\u0161ku, \u0161\u00edpku, a p\u0159id\u00e1vaj\u00ed se r\u016fzn\u00e9 aromatick\u00e9 l\u00e1tky. Nej\u010dast\u011bj\u0161\u00edm ovocem b\u00fdv\u00e1 pomeran\u010d a jablko. Na trhu je nep\u0159ebern\u00e9 mno\u017estv\u00ed t\u011bchto ovocn\u00fdch. Neobsahuj\u00ed kofein ani tein, jsou proto vhodn\u00e9 i pro d\u011bti. V\u011bt\u0161inou obsahuj\u00ed i vitam\u00edn C. Pe\u010den\u00e9 ovocn\u00e9 \u010daje Pe\u010den\u00fd \u010daj je vlastn\u011b druhem ovocn\u00e9ho. Rozd\u00edl je v jeho p\u0159\u00edprav\u011b, ovoce se toti\u017e zap\u00e9k\u00e1 spole\u010dn\u011b nap\u0159\u00edklad s rumem a sko\u0159ic\u00ed v troub\u011b. V\u00fdsledkem je chutn\u00fd n\u00e1poj, obl\u00edben\u00fd zejm\u00e9na v zimn\u00edch m\u011bs\u00edc\u00edch a v obdob\u00ed kolem V\u00e1noc.                                                                                                                                                                                                                                                                                                                                                                                        3\/5 - (4 votes)        "},{"@context":"https:\/\/schema.org\/","@type":"BreadcrumbList","itemListElement":[{"@type":"ListItem","position":1,"name":"Vyberte d\u00e1rky pro sv\u00e9 bl\u00edzk\u00e9","item":"https:\/\/www.tartarus.cz\/vyberte-darky-pro-sve-blizke\/#breadcrumbitem"}]}]