[{"@context":"https:\/\/schema.org\/","@type":"Article","@id":"https:\/\/www.tartarus.cz\/mazat-komentare-na-blogu-ano-nebo-ne\/#Article","mainEntityOfPage":"https:\/\/www.tartarus.cz\/mazat-komentare-na-blogu-ano-nebo-ne\/","headline":"Mazat koment\u00e1\u0159e na blogu \u2013 ano, nebo ne?","name":"Mazat koment\u00e1\u0159e na blogu \u2013 ano, nebo ne?","description":"Pokud jste bloger \u010di blogerka, jist\u011b jste se n\u011bkdy setkali s koment\u00e1\u0159em pod sv\u00fdm \u010dl\u00e1nkem, u kter\u00e9ho jste si nebyli jist\u00ed, jestli ho m\u00e1te smazat, nebo ponechat. Toto dilema \u0159e\u0161\u00ed mnoho lid\u00ed, kte\u0159\u00ed vlastn\u00ed svou webovou str\u00e1nku. A\u0165 u\u017e se jedn\u00e1 o osobn\u00ed blog nebo profesion\u00e1ln\u011bj\u0161\u00ed web, pod p\u0159\u00edsp\u011bvky, u kter\u00fdch je povolena mo\u017enost psan\u00ed [&hellip;]","datePublished":"2019-11-27","dateModified":"2023-05-22","author":{"@type":"Person","@id":"https:\/\/www.tartarus.cz\/author\/#Person","name":"","url":"https:\/\/www.tartarus.cz\/author\/","identifier":1,"image":{"@type":"ImageObject","@id":"https:\/\/secure.gravatar.com\/avatar\/bf8a2da9791e94b6eb5cec245ee5eeceecb651e79e829278e2c546441579397e?s=96&d=mm&r=g","url":"https:\/\/secure.gravatar.com\/avatar\/bf8a2da9791e94b6eb5cec245ee5eeceecb651e79e829278e2c546441579397e?s=96&d=mm&r=g","height":96,"width":96}},"publisher":{"@type":"Organization","name":"tartarus.cz","logo":{"@type":"ImageObject","@id":"\/logo.png","url":"\/logo.png","width":600,"height":60}},"image":{"@type":"ImageObject","@id":"https:\/\/www.tartarus.cz\/wp-content\/uploads\/img_a361112_w3220_t1574536981.jpg","url":"https:\/\/www.tartarus.cz\/wp-content\/uploads\/img_a361112_w3220_t1574536981.jpg","height":0,"width":0},"url":"https:\/\/www.tartarus.cz\/mazat-komentare-na-blogu-ano-nebo-ne\/","about":["Web"],"wordCount":542,"articleBody":"Pokud jste bloger \u010di blogerka, jist\u011b jste se n\u011bkdy setkali s koment\u00e1\u0159em pod sv\u00fdm \u010dl\u00e1nkem, u kter\u00e9ho jste si nebyli jist\u00ed, jestli ho m\u00e1te smazat, nebo ponechat. Toto dilema \u0159e\u0161\u00ed mnoho lid\u00ed, kte\u0159\u00ed vlastn\u00ed svou webovou str\u00e1nku. A\u0165 u\u017e se jedn\u00e1 o osobn\u00ed blog nebo profesion\u00e1ln\u011bj\u0161\u00ed web, pod p\u0159\u00edsp\u011bvky, u kter\u00fdch je povolena mo\u017enost psan\u00ed koment\u00e1\u0159\u016f publika d\u00e1v\u00e1 p\u0159isp\u00edvaj\u00edc\u00edm obrovskou moc. Mohou vyj\u00e1d\u0159it sv\u016fj n\u00e1zor, ale i u\u0161kodit. Samoz\u0159ejm\u011b zde hraje velkou roli samotn\u00e9 t\u00e9ma str\u00e1nky. Jako\u017eto dlouholet\u00fd bloger v\u00e1m pov\u00edm, jak\u00e9 koment\u00e1\u0159e smazat, a jak\u00e9 naopak ponechat.&nbsp;\u017dijeme ve stat\u011b, kde plat\u00ed svoboda n\u00e1zoru. Tato svoboda plat\u00ed v\u0161ude &ndash; jak ve skute\u010dn\u00e9m sv\u011bt\u011b, tak i v tom virtu\u00e1ln\u00edm. Dle m\u00e9ho n\u00e1zoru je velmi po\u0161etil\u00e9 na internetu blokovat n\u011bkoho, kdo jen vyjad\u0159uje sv\u016fj postoj na ur\u010dit\u00e9 t\u00e9ma nebo situaci. Samoz\u0159ejm\u011b, \u017ee tento pohled na v\u011bc mus\u00ed b\u00fdt pod\u00e1n slu\u0161nou formou a p\u0159edev\u0161\u00edm nesm\u00ed napadat autora textu. Je jen logick\u00e9, \u017ee ka\u017ed\u00fd m\u00e1 jin\u00fd pohled, jin\u00e9 n\u00e1zory &ndash; to je v po\u0159\u00e1dku, nicm\u00e9n\u011b pokud jde p\u0159isp\u00edv\u00e1n\u00ed do diskuze, m\u011blo by zde platit slu\u0161n\u00e9 chov\u00e1n\u00ed.&nbsp;Jak by to m\u011blo fungovat v praxi? Jeliko\u017e se v\u011bnuji aktivn\u00edmu psan\u00ed text\u016f na r\u016fzn\u00e1 t\u00e9mata ji\u017e p\u0159es osm let a za tu dobu jsem vyst\u0159\u00eddal velk\u00e9 mno\u017estv\u00ed str\u00e1nek, setkal jsem se s mnoha typy \u010dten\u00e1\u0159\u016f a p\u0159isp\u011bvateli do diskuz\u00ed. N\u011bkte\u0159\u00ed byli slu\u0161n\u011b vychovan\u00ed a sv\u016fj postoj vyj\u00e1d\u0159ili slu\u0161n\u011b, a\u010dkoliv odporovali m\u00e9mu p\u0159esv\u011bd\u010den\u00ed, jin\u00ed zase byli neuv\u011b\u0159iteln\u011b vulg\u00e1rn\u00ed a neotes\u00e1n\u00ed. Z tohoto d\u016fvodu jsem se zbavoval t\u011bch p\u0159\u00edsp\u011bvk\u016f, kte\u0159\u00ed byly pod\u00e1ny neslu\u0161nou formou a m\u011bly vliv na spole\u010dnost, by\u0165 virtu\u00e1ln\u00ed. Kdy\u017e se v\u00e1m pod \u010dl\u00e1nkem hromad\u00ed mnoho hrub\u00fdch pozn\u00e1mek, ned\u011bl\u00e1 to dobr\u00fd dojem na va\u0161i image.&nbsp;Naopak ty p\u0159ipom\u00ednky, co m\u011bly formu, hlavu a patu a p\u0159edev\u0161\u00edm nebyly sprost\u00e9 &ndash; ty nebyly ur\u010deny k internetov\u00e9 z\u00e1hub\u011b. Jak u\u017e jsem zm\u00ednil, je naprosto irelevantn\u00ed, \u017ee se tato stanoviska p\u0159\u00ed\u010dila m\u00e9mu p\u0159esv\u011bd\u010den\u00ed a pohledu, ka\u017ed\u00fd n\u00e1zor se cen\u00ed a bylo by velmi bl\u00e1hov\u00e9 n\u011bkoho cenzurovat u\u017e jen proto, proto\u017ee se mi dan\u00e1 osoba nel\u00edb\u00ed, m\u00e1m s n\u00ed osobn\u00ed spory a jeho \u010di jej\u00ed \u00fasudky m\u011b nezaj\u00edmaj\u00ed. Jin\u00e9 t\u0159eba ano.&nbsp;Mohu se jen domn\u00edvat, \u017ee tento postup vol\u00ed v\u011bt\u0161ina m\u00fdch koleg\u016f a kolegy\u0148. A jak u\u017e bylo \u0159e\u010deno, nemus\u00ed se jen jednat o osobn\u00ed blogy. Myslete p\u00e1r krok\u016f dop\u0159edu a p\u0159edstavte si, jak\u00fd rozruch byste vyvolali, kdybyste odstranili jeden \u010di v\u00edce v\u00e1\u017en\u011bj\u0161\u00edch koment\u00e1\u0159\u016f. Tzv. &bdquo;hate\u0159i&ldquo; jsou v\u011bc druh\u00e1 &ndash; ty nikdo nebere p\u0159\u00edli\u0161 v\u00e1\u017en\u011b.                                                                                                                                                                                                                                                                                                                                                                                        4.1\/5 - (8 votes)        "},{"@context":"https:\/\/schema.org\/","@type":"BreadcrumbList","itemListElement":[{"@type":"ListItem","position":1,"name":"Mazat koment\u00e1\u0159e na blogu \u2013 ano, nebo ne?","item":"https:\/\/www.tartarus.cz\/mazat-komentare-na-blogu-ano-nebo-ne\/#breadcrumbitem"}]}]